{"id":1744,"date":"2026-02-24T10:22:32","date_gmt":"2026-02-24T09:22:32","guid":{"rendered":"https:\/\/nwbc.nl\/visitez-tefaf-maastricht-19-mars-2026-2\/"},"modified":"2026-03-20T11:11:05","modified_gmt":"2026-03-20T10:11:05","slug":"visitez-tefaf-maastricht-19-mars-2026-2","status":"publish","type":"post","link":"https:\/\/nwbc.nl\/fr\/visitez-tefaf-maastricht-19-mars-2026-2\/","title":{"rendered":"Visite TEFAF Maastricht, le 19 mars 2026"},"content":{"rendered":"<div id=\"pl-1744\"  class=\"panel-layout\" ><div id=\"pg-1744-0\"  class=\"panel-grid panel-no-style\" ><div id=\"pgc-1744-0-0\"  class=\"panel-grid-cell\" ><div id=\"panel-1744-0-0-0\" class=\"so-panel widget widget_sow-editor panel-first-child panel-last-child\" data-index=\"0\" ><div\n\t\t\t\n\t\t\tclass=\"so-widget-sow-editor so-widget-sow-editor-base\"\n\t\t\t\n\t\t>\n<div class=\"siteorigin-widget-tinymce textwidget\">\n\t<\/div>\n<\/div><\/div><\/div><\/div><div id=\"pg-1744-1\"  class=\"panel-grid panel-has-style\" ><div class=\"container panel-row-style panel-row-style-for-1744-1\" ><div id=\"pgc-1744-1-0\"  class=\"panel-grid-cell\" ><div id=\"panel-1744-1-0-0\" class=\"so-panel widget widget_sow-editor panel-first-child panel-last-child\" data-index=\"1\" ><div\n\t\t\t\n\t\t\tclass=\"so-widget-sow-editor so-widget-sow-editor-base\"\n\t\t\t\n\t\t><h3 class=\"widget-title\">Visitez la TEFAF 19 mars 2026<\/h3>\n<div class=\"siteorigin-widget-tinymce textwidget\">\n\t<p>Le 19 mars prochain, le NWBC rendra visite \u00e0 la c\u00e9l\u00e8bre foire d'art TEFAF (The European Fine Art Fair), qui se d\u00e9roulera au MECC Maastricht. Nous vous invitons cordialement \u00e0 y assister.<\/p>\n<p>&nbsp;<\/p>\n<p>Fond\u00e9e en 1988, TEFAF est reconnu comme une organisation de premier plan dans le domaine des beaux-arts, des antiquit\u00e9s et du design. TEFAF organise deux grandes foires internationales : la foire phare, TEFAF Maastricht, qui pr\u00e9sente plus de 7 000 ans d'histoire de l'art, et TEFAF New York, qui se concentre davantage sur l'art et le design modernes et contemporains. TEFAF offre aux marchands internationaux la possibilit\u00e9 de pr\u00e9senter des \u0153uvres de qualit\u00e9 mus\u00e9ale de diff\u00e9rentes p\u00e9riodes et genres \u00e0 un public diversifi\u00e9 de collectionneurs, de connaisseurs et de passionn\u00e9s. C'est aussi une foire commerciale, ce qui signifie que toutes les \u0153uvres, antiquit\u00e9s, bijoux et autres objets expos\u00e9s sont \u00e0 vendre.<\/p>\n<p>&nbsp;<\/p>\n<p>Par l\u2019interm\u00e9diaire de la Fondation europ\u00e9enne des beaux-arts et de ses partenaires, TEFAF promeut \u00e9galement l\u2019\u00e9ducation artistique et l\u2019assurance qualit\u00e9. Cela comprend l\u2019octroi de subventions annuelles aux mus\u00e9es pour la restauration d\u2019\u0153uvres d\u2019art par le biais du Fonds de restauration des mus\u00e9es du TEFAF, la promotion de l\u2019\u00e9ducation au patrimoine culturel et le soutien d\u2019initiatives caritatives dans le secteur des arts et au-del\u00e0.<\/p>\n<p>&nbsp;<\/p>\n<p><strong>Programme :<\/strong><\/p>\n<p>14h00\u00a0\u00a0\u00a0\u00a0\u00a0\u00a0\u00a0\u00a0\u00a0\u00a0\u00a0\u00a0\u00a0\u00a0\u00a0\u00a0\u00a0\u00a0\u00a0\u00a0\u00a0\u00a0\u00a0\u00a0\u00a0 Accueil &amp; enregistrement des invit\u00e9s dans le hall central de MECC Maastricht<\/p>\n<p>14h15\u00a0\u00a0\u00a0\u00a0\u00a0\u00a0\u00a0\u00a0\u00a0\u00a0\u00a0\u00a0\u00a0\u00a0\u00a0\u00a0\u00a0\u00a0\u00a0\u00a0\u00a0\u00a0\u00a0\u00a0\u00a0 Accueil par monsieur Jurgen Moors, pr\u00e9sident du NWBC<\/p>\n<p>14h30\u00a0\u00a0\u00a0\u00a0\u00a0\u00a0\u00a0\u00a0\u00a0\u00a0\u00a0\u00a0\u00a0\u00a0\u00a0\u00a0\u00a0\u00a0\u00a0\u00a0\u00a0\u00a0\u00a0\u00a0\u00a0 Visite libre \u00e0 TEFAF<\/p>\n<p>17h00\u00a0\u00a0\u00a0\u00a0\u00a0\u00a0\u00a0\u00a0\u00a0\u00a0\u00a0\u00a0\u00a0\u00a0\u00a0\u00a0\u00a0\u00a0\u00a0\u00a0\u00a0\u00a0\u00a0\u00a0\u00a0 R\u00e9ception de r\u00e9seautage<\/p>\n<p>17h30\u00a0\u00a0\u00a0\u00a0\u00a0\u00a0\u00a0\u00a0\u00a0\u00a0\u00a0\u00a0\u00a0\u00a0\u00a0\u00a0\u00a0\u00a0\u00a0\u00a0\u00a0\u00a0\u00a0\u00a0\u00a0 Fin de la r\u00e9ception<\/p>\n<p><strong><u>\u00a0<\/u><\/strong><\/p>\n<p><strong>Lieu :<\/strong>\u00a0\u00a0\u00a0\u00a0\u00a0\u00a0\u00a0\u00a0\u00a0\u00a0\u00a0\u00a0\u00a0\u00a0\u00a0\u00a0\u00a0\u00a0\u00a0\u00a0\u00a0\u00a0\u00a0\u00a0\u00a0\u00a0 MECC Maastricht, Forum 100, 6229 GV Maastricht<\/p>\n<p>Parking de voiture par vos soins, conform\u00e9ment aux instructions du contr\u00f4leur de la circulation sur place.<\/p>\n<p>&nbsp;<\/p>\n<p><strong>Frais : <\/strong>\u00a0\u00a0\u00a0\u00a0\u00a0\u00a0\u00a0\u00a0\u00a0\u00a0\u00a0\u00a0\u00a0\u00a0\u00a0\u00a0\u00a0\u00a0\u00a0\u00a0\u00a0\u00a0\u00a0 Gratuit pour les membres du NWBC, 75 \u20ac pour tout non-membre.<\/p>\n<p>En cas de no-show nous serons contraints de vous facturer 25 \u20ac.<\/p>\n<p>&nbsp;<\/p>\n<p>Ne manquez pas cette visite et inscrivez-vous via le secr\u00e9tariat en envoyant un courriel \u00e0 <a href=\"mailto:info@nwbc.nl\">info@nwbc.nl<\/a><\/p>\n<p>&nbsp;<\/p>\n<p><strong><u>Attention<\/u><\/strong>\u00a0: \u00e9tant donn\u00e9 le caract\u00e8re exclusif de cet \u00e9v\u00e9nement, seul un nombre limit\u00e9 de billets est disponible.<\/p>\n<\/div>\n<\/div><\/div><\/div><\/div><\/div><\/div>","protected":false},"excerpt":{"rendered":"<p>Le 19 mars prochain, le NWBC rendra visite \u00e0 la c\u00e9l\u00e8bre foire d&rsquo;art TEFAF (The European Fine Art Fair), qui se d\u00e9roulera au MECC Maastricht. Nous vous invitons cordialement \u00e0 y assister. &nbsp; Fond\u00e9e en 1988, TEFAF est reconnu comme une organisation de premier plan dans le domaine des beaux-arts, des antiquit\u00e9s et du design. [&#8230;]<\/p>\n<p><a class=\"btn btn-secondary understrap-read-more-link\" href=\"https:\/\/nwbc.nl\/fr\/visitez-tefaf-maastricht-19-mars-2026-2\/\">Lire la suite\u2026<span class=\"screen-reader-text\"> from Visite TEFAF Maastricht, le 19 mars 2026<\/span><\/a><\/p>\n","protected":false},"author":4,"featured_media":1741,"comment_status":"closed","ping_status":"closed","sticky":false,"template":"","format":"standard","meta":{"footnotes":""},"categories":[18],"tags":[],"class_list":["post-1744","post","type-post","status-publish","format-standard","has-post-thumbnail","hentry","category-visites-precedentes"],"publishpress_future_action":{"enabled":false,"date":"2026-05-06 22:31:15","action":"change-status","newStatus":"draft","terms":[],"taxonomy":"category","extraData":[]},"publishpress_future_workflow_manual_trigger":{"enabledWorkflows":[]},"_links":{"self":[{"href":"https:\/\/nwbc.nl\/fr\/wp-json\/wp\/v2\/posts\/1744","targetHints":{"allow":["GET"]}}],"collection":[{"href":"https:\/\/nwbc.nl\/fr\/wp-json\/wp\/v2\/posts"}],"about":[{"href":"https:\/\/nwbc.nl\/fr\/wp-json\/wp\/v2\/types\/post"}],"author":[{"embeddable":true,"href":"https:\/\/nwbc.nl\/fr\/wp-json\/wp\/v2\/users\/4"}],"replies":[{"embeddable":true,"href":"https:\/\/nwbc.nl\/fr\/wp-json\/wp\/v2\/comments?post=1744"}],"version-history":[{"count":3,"href":"https:\/\/nwbc.nl\/fr\/wp-json\/wp\/v2\/posts\/1744\/revisions"}],"predecessor-version":[{"id":1747,"href":"https:\/\/nwbc.nl\/fr\/wp-json\/wp\/v2\/posts\/1744\/revisions\/1747"}],"wp:featuredmedia":[{"embeddable":true,"href":"https:\/\/nwbc.nl\/fr\/wp-json\/wp\/v2\/media\/1741"}],"wp:attachment":[{"href":"https:\/\/nwbc.nl\/fr\/wp-json\/wp\/v2\/media?parent=1744"}],"wp:term":[{"taxonomy":"category","embeddable":true,"href":"https:\/\/nwbc.nl\/fr\/wp-json\/wp\/v2\/categories?post=1744"},{"taxonomy":"post_tag","embeddable":true,"href":"https:\/\/nwbc.nl\/fr\/wp-json\/wp\/v2\/tags?post=1744"}],"curies":[{"name":"wp","href":"https:\/\/api.w.org\/{rel}","templated":true}]}}