{"id":1724,"date":"2026-01-16T16:12:05","date_gmt":"2026-01-16T15:12:05","guid":{"rendered":"https:\/\/nwbc.nl\/visite-dentreprise-centre-spatial-de-liege-7-amos-6-mai-2026\/"},"modified":"2026-04-07T18:57:32","modified_gmt":"2026-04-07T17:57:32","slug":"visite-dentreprise-centre-spatial-de-liege-7-amos-6-mai-2026","status":"publish","type":"post","link":"https:\/\/nwbc.nl\/fr\/visite-dentreprise-centre-spatial-de-liege-7-amos-6-mai-2026\/","title":{"rendered":"Visite d&rsquo;entreprise Centre Spatial de Li\u00e8ge &#038; AMOS et R\u00e9ception de la F\u00eate du Roi, le 6 mai 2026"},"content":{"rendered":"<div id=\"pl-1724\"  class=\"panel-layout\" ><div id=\"pg-1724-0\"  class=\"panel-grid panel-no-style\" ><div id=\"pgc-1724-0-0\"  class=\"panel-grid-cell\" ><div id=\"panel-1724-0-0-0\" class=\"so-panel widget widget_sow-editor panel-first-child panel-last-child\" data-index=\"0\" ><div\n\t\t\t\n\t\t\tclass=\"so-widget-sow-editor so-widget-sow-editor-base\"\n\t\t\t\n\t\t>\n<div class=\"siteorigin-widget-tinymce textwidget\">\n\t<\/div>\n<\/div><\/div><\/div><\/div><div id=\"pg-1724-1\"  class=\"panel-grid panel-has-style\" ><div class=\"container panel-row-style panel-row-style-for-1724-1\" ><div id=\"pgc-1724-1-0\"  class=\"panel-grid-cell\" ><div id=\"panel-1724-1-0-0\" class=\"so-panel widget widget_sow-editor panel-first-child panel-last-child\" data-index=\"1\" ><div\n\t\t\t\n\t\t\tclass=\"so-widget-sow-editor so-widget-sow-editor-base\"\n\t\t\t\n\t\t><h3 class=\"widget-title\">Visite d'entreprise Centre Spatial de Li\u00e8ge &amp; AMOS et R\u00e9ception de la F\u00eate du Roi, 6 mai 2026<\/h3>\n<div class=\"siteorigin-widget-tinymce textwidget\">\n\t<p>Le NWBC a le plaisir de vous inviter \u00e0 une visite d'entreprise au Centre Spatial de Li\u00e8ge (CSL) et AMOS, le 6 mai, suivie d'une r\u00e9ception \u00e0 l'occasion de la F\u00eate du Roi 2026.<\/p>\n<p>&nbsp;<\/p>\n<p>Le Centre Spatial de Li\u00e8ge (CSL), rattach\u00e9 \u00e0 l'Universit\u00e9 de Li\u00e8ge, est sp\u00e9cialis\u00e9 dans la conception et la qualification d'instruments optiques pour le vol spatial. Il dispose d'installations uniques, notamment des salles blanches et des chambres \u00e0 vide, permettant des essais cryog\u00e9niques jusqu'\u00e0 environ -270 \u00b0C. Ces installations simulent les conditions spatiales en limitant les transferts de chaleur au seul rayonnement. Cette technologie est actuellement mise en \u0153uvre dans le cadre du projet Einstein Telescope, en particulier pour le canal basse fr\u00e9quence. En \u00e9troite collaboration entre le CSL et des experts de l'Universit\u00e9 de Li\u00e8ge, un syst\u00e8me de suspension de miroirs et d'amortissement des vibrations avec refroidissement cryog\u00e9nique sans contact a \u00e9t\u00e9 d\u00e9velopp\u00e9. Cette approche vise \u00e0 minimiser les vibrations afin de r\u00e9pondre aux exigences strictes du t\u00e9lescope. Un prototype de d\u00e9monstration, ET-CRISTAL, est en cours de d\u00e9veloppement en tant que laboratoire vivant. Un miroir en silicium monocristallin de 45 cm de diam\u00e8tre est actuellement poli chez AMOS. Il sera prochainement int\u00e9gr\u00e9 au syst\u00e8me ET-CRISTAL. D'autres tests cryog\u00e9niques \u00e0 grande \u00e9chelle sont pr\u00e9vus pour le second semestre 2026 afin de valider les performances et de v\u00e9rifier sa conformit\u00e9 aux exigences finales. Il s'agit d'une \u00e9tape importante dans le cadre de notre candidature europ\u00e9enne pour le t\u00e9lescope Einstein.<\/p>\n<p><strong>\u00a0<\/strong><\/p>\n<p><strong>Programme :<\/strong><\/p>\n<table width=\"662\">\n<tbody>\n<tr>\n<td width=\"66\">14h00 :<\/td>\n<td width=\"596\">Accueil des participants<\/td>\n<\/tr>\n<tr>\n<td width=\"66\">14h20 :<\/td>\n<td width=\"596\">Mot d\u2019accueil au nom du Nederlands-Waalse Business-club<\/td>\n<\/tr>\n<tr>\n<td width=\"66\">14h30 :<\/td>\n<td width=\"596\">Pr\u00e9sentation du CSL par monsieur Serge Habraken, Pr\u00e9sident du conseil d'administration de CSL<\/td>\n<\/tr>\n<tr>\n<td width=\"66\">15h00 :<\/td>\n<td width=\"596\">Questions-r\u00e9ponses<\/td>\n<\/tr>\n<tr>\n<td width=\"66\">15h15 :<\/td>\n<td width=\"596\">Visite des installations du CSL<\/td>\n<\/tr>\n<tr>\n<td width=\"66\">16h00 :<\/td>\n<td width=\"596\">Visite des installations de AMOS<\/td>\n<\/tr>\n<tr>\n<td width=\"66\">16h45 :<\/td>\n<td width=\"596\">Remarques finales dans le cadre de la visite officielle de S.E. Brechje Schwach\u00f6fer, ambassadeur des Pays-Bas aupr\u00e8s du Royaume de Belgique<\/td>\n<\/tr>\n<tr>\n<td width=\"66\">17h00 :<\/td>\n<td width=\"596\">Fin de la visite d\u2019entreprise<\/td>\n<\/tr>\n<tr>\n<td width=\"66\">17h30 :<\/td>\n<td width=\"596\">R\u00e9ception \u00e0 l'occasion de la F\u00eate du Roi au Ch\u00e2teau de Neuville<\/td>\n<\/tr>\n<tr>\n<td width=\"66\">19h30 :<\/td>\n<td width=\"596\">Fin de la r\u00e9ception<\/td>\n<\/tr>\n<\/tbody>\n<\/table>\n<p><strong><u>\u00a0<\/u><\/strong><\/p>\n<p><strong>Lieux\u00a0: <\/strong>\u00a0\u00a0\u00a0\u00a0\u00a0\u00a0\u00a0\u00a0\u00a0\u00a0\u00a0\u00a0 CSL: L<em>i\u00e8ge Science Park, Avenue du Pr\u00e9-Aily 19, 4031 Angleur (B)<\/em><\/p>\n<p>AMOS: Rue des Chasseurs Ardennais 2, 4031 Angleur (B)<\/p>\n<p>Ch\u00e2teau de Neuville : All\u00e9e du Ch\u00e2teau, 13,\u00a0 4121 Neupr\u00e9 (B)<\/p>\n<p><strong>\u00a0<\/strong><\/p>\n<p><strong>Frais<\/strong>\u00a0 : \u00a0\u00a0\u00a0\u00a0\u00a0\u00a0\u00a0\u00a0\u00a0\u00a0\u00a0 Cet \u00e9v\u00e9nement est gratuit pour les membres. Pour les non-membres les frais sont<\/p>\n<p>75 \u20ac par personne. En cas de \u00ab no-show \u00bb, vous serez factur\u00e9(e) 25 \u20ac.<\/p>\n<p>&nbsp;<\/p>\n<p>Ne manquez pas cet \u00e9v\u00e9nement ! Inscrivez-vous aupr\u00e8s du secr\u00e9tariat en envoyant un courriel \u00e0 <a href=\"mailto:info@nwbc.nl\">info@nwbc.nl<\/a><\/p>\n<\/div>\n<\/div><\/div><\/div><\/div><\/div><\/div>","protected":false},"excerpt":{"rendered":"<p>Le NWBC a le plaisir de vous inviter \u00e0 une visite d&rsquo;entreprise au Centre Spatial de Li\u00e8ge (CSL) et AMOS, le 6 mai, suivie d&rsquo;une r\u00e9ception \u00e0 l&rsquo;occasion de la F\u00eate du Roi 2026. &nbsp; Le Centre Spatial de Li\u00e8ge (CSL), rattach\u00e9 \u00e0 l&rsquo;Universit\u00e9 de Li\u00e8ge, est sp\u00e9cialis\u00e9 dans la conception et la qualification d&rsquo;instruments [&#8230;]<\/p>\n<p><a class=\"btn btn-secondary understrap-read-more-link\" href=\"https:\/\/nwbc.nl\/fr\/visite-dentreprise-centre-spatial-de-liege-7-amos-6-mai-2026\/\">Lire la suite\u2026<span class=\"screen-reader-text\"> from Visite d&rsquo;entreprise Centre Spatial de Li\u00e8ge &#038; AMOS et R\u00e9ception de la F\u00eate du Roi, le 6 mai 2026<\/span><\/a><\/p>\n","protected":false},"author":4,"featured_media":1722,"comment_status":"closed","ping_status":"closed","sticky":false,"template":"","format":"standard","meta":{"footnotes":""},"categories":[12,17],"tags":[],"class_list":["post-1724","post","type-post","status-publish","format-standard","has-post-thumbnail","hentry","category-plan","category-visites-a-venir"],"publishpress_future_action":{"enabled":false,"date":"2026-05-07 02:19:55","action":"change-status","newStatus":"draft","terms":[],"taxonomy":"category","extraData":[]},"publishpress_future_workflow_manual_trigger":{"enabledWorkflows":[]},"_links":{"self":[{"href":"https:\/\/nwbc.nl\/fr\/wp-json\/wp\/v2\/posts\/1724","targetHints":{"allow":["GET"]}}],"collection":[{"href":"https:\/\/nwbc.nl\/fr\/wp-json\/wp\/v2\/posts"}],"about":[{"href":"https:\/\/nwbc.nl\/fr\/wp-json\/wp\/v2\/types\/post"}],"author":[{"embeddable":true,"href":"https:\/\/nwbc.nl\/fr\/wp-json\/wp\/v2\/users\/4"}],"replies":[{"embeddable":true,"href":"https:\/\/nwbc.nl\/fr\/wp-json\/wp\/v2\/comments?post=1724"}],"version-history":[{"count":4,"href":"https:\/\/nwbc.nl\/fr\/wp-json\/wp\/v2\/posts\/1724\/revisions"}],"predecessor-version":[{"id":1752,"href":"https:\/\/nwbc.nl\/fr\/wp-json\/wp\/v2\/posts\/1724\/revisions\/1752"}],"wp:featuredmedia":[{"embeddable":true,"href":"https:\/\/nwbc.nl\/fr\/wp-json\/wp\/v2\/media\/1722"}],"wp:attachment":[{"href":"https:\/\/nwbc.nl\/fr\/wp-json\/wp\/v2\/media?parent=1724"}],"wp:term":[{"taxonomy":"category","embeddable":true,"href":"https:\/\/nwbc.nl\/fr\/wp-json\/wp\/v2\/categories?post=1724"},{"taxonomy":"post_tag","embeddable":true,"href":"https:\/\/nwbc.nl\/fr\/wp-json\/wp\/v2\/tags?post=1724"}],"curies":[{"name":"wp","href":"https:\/\/api.w.org\/{rel}","templated":true}]}}